{"id":254,"date":"2021-03-12T15:32:19","date_gmt":"2021-03-12T15:32:19","guid":{"rendered":"http:\/\/blogs.elpunt.cat\/joaniglesis\/?p=254"},"modified":"2021-03-12T18:09:41","modified_gmt":"2021-03-12T18:09:41","slug":"homenatge-a-joan-lluis-prat","status":"publish","type":"post","link":"https:\/\/blogs.elpunt.cat\/joaniglesis\/2021\/03\/12\/homenatge-a-joan-lluis-prat\/","title":{"rendered":"Homenatge a Joan Llu\u00eds Prat"},"content":{"rendered":"\r\n<p><a href=\"http:\/\/blogs.elpunt.cat\/joaniglesis\/files\/2021\/03\/96371713_10219738064615178_2803518384677847040_n.jpg\"><img loading=\"lazy\" decoding=\"async\" class=\"aligncenter size-full wp-image-257\" src=\"http:\/\/blogs.elpunt.cat\/joaniglesis\/files\/2021\/03\/96371713_10219738064615178_2803518384677847040_n.jpg\" alt=\"\" width=\"413\" height=\"413\" srcset=\"https:\/\/blogs.elpunt.cat\/joaniglesis\/files\/2021\/03\/96371713_10219738064615178_2803518384677847040_n.jpg 413w, https:\/\/blogs.elpunt.cat\/joaniglesis\/files\/2021\/03\/96371713_10219738064615178_2803518384677847040_n-300x300.jpg 300w, https:\/\/blogs.elpunt.cat\/joaniglesis\/files\/2021\/03\/96371713_10219738064615178_2803518384677847040_n-150x150.jpg 150w\" sizes=\"auto, (max-width: 413px) 100vw, 413px\" \/><\/a><\/p>\r\n<p>Nascut l&#8217;any 1944, professor agregat de filosofia, lamentem avui dia la desaparici\u00f3 de Joan Llu\u00eds Prat. <br \/><br \/>Home de conviccions, Il.liberi\u00e0 discret, m&#8217;agradava enraonar amb ell i evocar, a l&#8217;atzar dels nostres encontres, i sobretot a l&#8217;ocasi\u00f3 dels divendres de mercat a Elna &#8211; com si f\u00f3ssim germans de pensament i de cor &#8211; la poesia de Joan Pau Gin\u00e9&#8230; <br \/><br \/>Joan Llu\u00eds Prat havia estat professor de filosofia a l&#8217;Institut Arag\u00f3 i tamb\u00e9 havia estat alumne del professor Jacques Rodier, molt ben abans que ell esdevingu\u00e9s el seu col\u00b7lega&#8230; <br \/><br \/>Joan Llu\u00eds Prat era un intel\u00b7lectual sencer i sincer que compartia amb una intima i apassionada fe i tamb\u00e9 amb molta delicadesa l&#8217;amor de la llengua i de la terracatalanes&#8230;<br \/><br \/>Molt ec\u00f2nom quan parlava, era nogensmenys un conseller ric de saviesa que s&#8217;imposava tant com observador preci\u00f3s i tant com analista fi&#8230; <br \/><br \/>Avui dia, \u00e9s un company molt estimat i molt intel\u00b7ligent que desapareix &#8230; <br \/><br \/>Descansa En Pau Joan Llu\u00eds&#8230; <br \/><br \/>Has complert la teva feina i has fet el teu tros de cam\u00ed&#8230; <br \/><br \/>En el teu record, lluitarem pel que ens queda&#8230;<br \/><br \/>Entre tots ho farem tot&#8230; I encara que la nit sigui negra ara i aqu\u00ed, el sol ixent lluir\u00e0 a sota la nostra bandera dem\u00e0&#8230;<br \/><br \/>Sincer condol a la teva fam\u00edlia&#8230;<br \/><br \/>J.I.<\/p>\r\n","protected":false},"excerpt":{"rendered":"<p>Nascut l&#8217;any 1944, professor agregat de filosofia, lamentem avui dia la desaparici\u00f3 de Joan Llu\u00eds Prat. Home de conviccions, Il.liberi\u00e0 discret, m&#8217;agradava enraonar amb ell i evocar, a l&#8217;atzar dels nostres encontres, i sobretot a l&#8217;ocasi\u00f3 dels divendres de mercat &hellip; <a href=\"https:\/\/blogs.elpunt.cat\/joaniglesis\/2021\/03\/12\/homenatge-a-joan-lluis-prat\/\">Continua llegint <span class=\"meta-nav\">&rarr;<\/span><\/a><\/p>\n","protected":false},"author":106,"featured_media":0,"comment_status":"open","ping_status":"closed","sticky":false,"template":"","format":"standard","meta":{"footnotes":""},"categories":[34],"tags":[],"class_list":["post-254","post","type-post","status-publish","format-standard","hentry","category-general"],"jetpack_featured_media_url":"","_links":{"self":[{"href":"https:\/\/blogs.elpunt.cat\/joaniglesis\/wp-json\/wp\/v2\/posts\/254","targetHints":{"allow":["GET"]}}],"collection":[{"href":"https:\/\/blogs.elpunt.cat\/joaniglesis\/wp-json\/wp\/v2\/posts"}],"about":[{"href":"https:\/\/blogs.elpunt.cat\/joaniglesis\/wp-json\/wp\/v2\/types\/post"}],"author":[{"embeddable":true,"href":"https:\/\/blogs.elpunt.cat\/joaniglesis\/wp-json\/wp\/v2\/users\/106"}],"replies":[{"embeddable":true,"href":"https:\/\/blogs.elpunt.cat\/joaniglesis\/wp-json\/wp\/v2\/comments?post=254"}],"version-history":[{"count":5,"href":"https:\/\/blogs.elpunt.cat\/joaniglesis\/wp-json\/wp\/v2\/posts\/254\/revisions"}],"predecessor-version":[{"id":263,"href":"https:\/\/blogs.elpunt.cat\/joaniglesis\/wp-json\/wp\/v2\/posts\/254\/revisions\/263"}],"wp:attachment":[{"href":"https:\/\/blogs.elpunt.cat\/joaniglesis\/wp-json\/wp\/v2\/media?parent=254"}],"wp:term":[{"taxonomy":"category","embeddable":true,"href":"https:\/\/blogs.elpunt.cat\/joaniglesis\/wp-json\/wp\/v2\/categories?post=254"},{"taxonomy":"post_tag","embeddable":true,"href":"https:\/\/blogs.elpunt.cat\/joaniglesis\/wp-json\/wp\/v2\/tags?post=254"}],"curies":[{"name":"wp","href":"https:\/\/api.w.org\/{rel}","templated":true}]}}