{"id":275,"date":"2024-09-08T12:55:09","date_gmt":"2024-09-08T12:55:09","guid":{"rendered":"https:\/\/blogs.elpunt.cat\/joaniglesis\/?p=275"},"modified":"2024-09-08T13:27:25","modified_gmt":"2024-09-08T13:27:25","slug":"275","status":"publish","type":"post","link":"https:\/\/blogs.elpunt.cat\/joaniglesis\/2024\/09\/08\/275\/","title":{"rendered":"&#8220;Col\u00b7lectiu Eina&#8221;: una entitat que al\u00e7a el vol per la biodiversitat"},"content":{"rendered":"<p align=\"LEFT\"><span style=\"color: #000080\"><span lang=\"zxx\"><span style=\"color: #222222\"><span style=\"font-family: verdana, sans-serif\"><span style=\"font-size: xx-large\"><b>Eina &#8211; Cerdanya<\/b><\/span><\/span><\/span><\/span><\/span><\/p>\n<p align=\"LEFT\"><span style=\"color: #000000\"><span style=\"font-family: Times New Roman, serif\"><span style=\"font-size: medium\"><i>Ni tan sols mort, l&#8217;espot d&#8217;Eina es mou encara&#8230;<\/i><\/span><\/span><\/span><span style=\"color: #000000\"><span style=\"font-family: Times New Roman, serif\"><span style=\"font-size: medium\"><span lang=\"zxx\"><a href=\"http:\/\/blogs.elpunt.cat\/joaniglesis\/files\/2024\/09\/369513032_666844082145696_126155155280882532_n.jpg\"><img loading=\"lazy\" decoding=\"async\" class=\"aligncenter size-large wp-image-276\" src=\"http:\/\/blogs.elpunt.cat\/joaniglesis\/files\/2024\/09\/369513032_666844082145696_126155155280882532_n-1024x768.jpg\" alt=\"\" width=\"584\" height=\"438\" srcset=\"https:\/\/blogs.elpunt.cat\/joaniglesis\/files\/2024\/09\/369513032_666844082145696_126155155280882532_n-1024x768.jpg 1024w, https:\/\/blogs.elpunt.cat\/joaniglesis\/files\/2024\/09\/369513032_666844082145696_126155155280882532_n-300x225.jpg 300w, https:\/\/blogs.elpunt.cat\/joaniglesis\/files\/2024\/09\/369513032_666844082145696_126155155280882532_n-768x576.jpg 768w, https:\/\/blogs.elpunt.cat\/joaniglesis\/files\/2024\/09\/369513032_666844082145696_126155155280882532_n-1536x1152.jpg 1536w, https:\/\/blogs.elpunt.cat\/joaniglesis\/files\/2024\/09\/369513032_666844082145696_126155155280882532_n-400x300.jpg 400w, https:\/\/blogs.elpunt.cat\/joaniglesis\/files\/2024\/09\/369513032_666844082145696_126155155280882532_n.jpg 2048w\" sizes=\"auto, (max-width: 584px) 100vw, 584px\" \/><\/a><\/span><\/span><\/span><\/span><\/p>\n<p align=\"LEFT\"><i><\/i><span style=\"color: #000000\"><span style=\"font-family: Times New Roman, serif\"><span style=\"font-size: medium\"><span lang=\"zxx\"><b>J<\/b>ove associaci\u00f3, el &#8220;Col\u00b7lectiu Eina&#8221;\u00a0 ha estat constitu\u00eft per sostenir i desenvolupar l&#8217;espot d&#8217;Eina, lloc d&#8217;observaci\u00f3 de la migraci\u00f3 dels ocells.<br \/>\nL&#8217;espot d&#8217;Eina ha estat reconegut des dels anys 1990 com un dels principals llocs de recompte dels ocells migradors als Pirineus.<br \/>\nSituat a l&#8217;altipl\u00e0 d&#8217;Eina, a la Cerdanya, la tria de l&#8217;indret permet a cada tardor l&#8217;observaci\u00f3 i el recompte de prop d&#8217;un centenar d&#8217;esp\u00e8cies en migraci\u00f3 activa, en vol cap als seus barris d&#8217;hivern de la conca mediterr\u00e0nia, d&#8217;\u00c0frica del Nord o d&#8217;\u00c0frica subsahariana (base de dades participativa en l\u00ednia:<\/span><\/span><\/span><\/span><span style=\"color: #000080\"><span lang=\"zxx\"><u><a href=\"http:\/\/www.migraction.net\/\" target=\"_blank\" rel=\"noopener\"><span style=\"color: #1155cc\"><span style=\"font-family: Times New Roman, serif\"><span style=\"font-size: medium\">http:\/\/www.migraction.net\/<\/span><\/span><\/span><\/a><\/u><\/span><\/span><span style=\"color: #000000\"><span style=\"font-family: Times New Roman, serif\"><span style=\"font-size: medium\"><span lang=\"zxx\">). S&#8217;hi observa sobretot el pas de les cigonyes blanques, de les cigonyes negres, dels corbs de mar, dels falciots negres, de les orenetes r\u00fastiques, de les orenetes cuablanca, dels estornells, dels coloms tudons, dels abellerols europeus, de les cueretes grogues i dels pinsans. Cada temporada l&#8217;espot permet l&#8217;observaci\u00f3 del pas de 100.000 a 300.000 ocells sobre l&#8217;espot.<br \/>\nEs tracta a m\u00e9s a m\u00e9s d&#8217;un dels principals llocs de pas per a la migraci\u00f3 postnupcial dels ocells<\/span><\/span><\/span><\/span><span style=\"color: #000000\"><span style=\"font-family: Times New Roman, serif\"><span style=\"font-size: medium\">\u00a0<\/span><\/span><\/span><span style=\"color: #000000\"><span style=\"font-family: Times New Roman, serif\"><span style=\"font-size: medium\"><span lang=\"zxx\">rapa\u00e7os<\/span><\/span><\/span><\/span><span style=\"color: #000000\"><span style=\"font-family: Times New Roman, serif\"><span style=\"font-size: medium\">\u00a0<\/span><\/span><\/span><span style=\"color: #000000\"><span style=\"font-family: Times New Roman, serif\"><span style=\"font-size: medium\"><span lang=\"zxx\">(rapinyaires) als Pirineus, en particular de l&#8217;aligot cal\u00e7at (prop de 20.000 individus cada temporada) i de l&#8217;\u00e0guila marcenca (a la tardor, primer lloc franc\u00e8s i segon lloc europeu).<br \/>\nEl lloc d&#8217;Eina va ser objecte d&#8217;un seguiment regular entre 1987 i 1990, en el marc del programa cient\u00edfic TRANSPYR, que pretenia quantificar el pas dels ocells migradors en diferents punts de la cadena pirinenca. Despr\u00e9s d&#8217;un per\u00edode de des\u00fas fins al 2007, l&#8217;espot d&#8217;Eina alterna els per\u00edodes de seguiment voluntari i assalariat, patrocinat successivament pel Grup Ornitol\u00f2gic del Rossell\u00f3 (GOR), i despr\u00e9s &#8220;Cerca Nature&#8221;.<br \/>\nEl 2023, \u00e9s el &#8220;Col\u00b7lectiu Eina&#8221; (associaci\u00f3 Llei 1901) que repr\u00e8n la torxa, amb l&#8217;objectiu de mantenir en el temps un seguiment assalariat durador, en les millors condicions, amb el suport in situ dels voluntaris i dels socis. El seguiment se celebrar\u00e0 cada dia entre el 20 d&#8217;agost i el 30 de setembre, en el lloc habitual (al llarg de la D33, entre el Coll de la Perxa i el poble d&#8217;Eina).<br \/>\nEn un context de canvi clim\u00e0tic en curs, juntament amb una erosi\u00f3 massiva de la biodiversitat (sobretot la disminuci\u00f3 de les poblacions d&#8217;ocells, des de fa quaranta anys, a Europa), resulta necessari i urgent continuar documentant tan b\u00e9 com sigui possible aquest dram\u00e0tic fenomen natural que constitueix la migraci\u00f3 dels ocells&#8230;<\/span><\/span><\/span><\/span><\/p>\n<p lang=\"zxx\" align=\"LEFT\"><span style=\"color: #000000\"><span style=\"font-family: Times New Roman, serif\"><span style=\"font-size: medium\">Joan Iglesis<\/span><\/span><\/span><\/p>\n<p align=\"LEFT\"><span style=\"color: #000000\"><span style=\"font-family: Times New Roman, serif\"><span style=\"font-size: medium\"><span lang=\"zxx\"><br \/>\nBase de dades participativa en l\u00ednia:<\/span><\/span><\/span><\/span><span style=\"color: #000080\"><span lang=\"zxx\"><u><a href=\"http:\/\/www.migraction.net\/\" target=\"_blank\" rel=\"noopener\"><span style=\"color: #1155cc\"><span style=\"font-family: Times New Roman, serif\"><span style=\"font-size: medium\">http:\/\/www.migraction.net\/<\/span><\/span><\/span><\/a><\/u><\/span><\/span><span style=\"color: #000000\"><span style=\"font-family: Times New Roman, serif\"><span style=\"font-size: medium\"><span lang=\"zxx\"><br \/>\n<\/span><\/span><\/span><\/span><span style=\"color: #000080\"><span lang=\"zxx\"><u><a href=\"https:\/\/www.helloasso.com\/associacions\/col\u00b7lecci\u00f3-eyne\/collectes\/soutenons-le-spot-de-migration-d-eyne\" target=\"_blank\" rel=\"noopener\"><span style=\"color: #1155cc\"><span style=\"font-family: Times New Roman, serif\"><span style=\"font-size: medium\">https:\/\/www.helloasso.com\/associacions\/col\u00b7lecci\u00f3-eyne\/collectes\/soutenons-le-spot-de-migration-d-eyne<\/span><\/span><\/span><\/a><\/u><\/span><\/span><\/p>\n","protected":false},"excerpt":{"rendered":"<p>Eina &#8211; Cerdanya Ni tan sols mort, l&#8217;espot d&#8217;Eina es mou encara&#8230; Jove associaci\u00f3, el &#8220;Col\u00b7lectiu Eina&#8221;\u00a0 ha estat constitu\u00eft per sostenir i desenvolupar l&#8217;espot d&#8217;Eina, lloc d&#8217;observaci\u00f3 de la migraci\u00f3 dels ocells. L&#8217;espot d&#8217;Eina ha estat reconegut des dels &hellip; <a href=\"https:\/\/blogs.elpunt.cat\/joaniglesis\/2024\/09\/08\/275\/\">Continua llegint <span class=\"meta-nav\">&rarr;<\/span><\/a><\/p>\n","protected":false},"author":106,"featured_media":0,"comment_status":"closed","ping_status":"closed","sticky":false,"template":"","format":"standard","meta":{"footnotes":""},"categories":[34],"tags":[],"class_list":["post-275","post","type-post","status-publish","format-standard","hentry","category-general"],"jetpack_featured_media_url":"","_links":{"self":[{"href":"https:\/\/blogs.elpunt.cat\/joaniglesis\/wp-json\/wp\/v2\/posts\/275","targetHints":{"allow":["GET"]}}],"collection":[{"href":"https:\/\/blogs.elpunt.cat\/joaniglesis\/wp-json\/wp\/v2\/posts"}],"about":[{"href":"https:\/\/blogs.elpunt.cat\/joaniglesis\/wp-json\/wp\/v2\/types\/post"}],"author":[{"embeddable":true,"href":"https:\/\/blogs.elpunt.cat\/joaniglesis\/wp-json\/wp\/v2\/users\/106"}],"replies":[{"embeddable":true,"href":"https:\/\/blogs.elpunt.cat\/joaniglesis\/wp-json\/wp\/v2\/comments?post=275"}],"version-history":[{"count":3,"href":"https:\/\/blogs.elpunt.cat\/joaniglesis\/wp-json\/wp\/v2\/posts\/275\/revisions"}],"predecessor-version":[{"id":279,"href":"https:\/\/blogs.elpunt.cat\/joaniglesis\/wp-json\/wp\/v2\/posts\/275\/revisions\/279"}],"wp:attachment":[{"href":"https:\/\/blogs.elpunt.cat\/joaniglesis\/wp-json\/wp\/v2\/media?parent=275"}],"wp:term":[{"taxonomy":"category","embeddable":true,"href":"https:\/\/blogs.elpunt.cat\/joaniglesis\/wp-json\/wp\/v2\/categories?post=275"},{"taxonomy":"post_tag","embeddable":true,"href":"https:\/\/blogs.elpunt.cat\/joaniglesis\/wp-json\/wp\/v2\/tags?post=275"}],"curies":[{"name":"wp","href":"https:\/\/api.w.org\/{rel}","templated":true}]}}