{"id":317,"date":"2026-04-29T00:51:38","date_gmt":"2026-04-29T00:51:38","guid":{"rendered":"https:\/\/blogs.elpunt.cat\/joaniglesis\/?p=317"},"modified":"2026-04-29T01:06:41","modified_gmt":"2026-04-29T01:06:41","slug":"per-a-elna","status":"publish","type":"post","link":"https:\/\/blogs.elpunt.cat\/joaniglesis\/2026\/04\/29\/per-a-elna\/","title":{"rendered":"Per a Elna"},"content":{"rendered":"<p align=\"LEFT\"><span style=\"font-family: Times New Roman, serif\"><span style=\"font-size: large\"><b><a href=\"http:\/\/blogs.elpunt.cat\/joaniglesis\/files\/2026\/04\/DElne-3.jpg\"><img loading=\"lazy\" decoding=\"async\" class=\"aligncenter size-full wp-image-321\" src=\"http:\/\/blogs.elpunt.cat\/joaniglesis\/files\/2026\/04\/DElne-3.jpg\" alt=\"\" width=\"480\" height=\"342\" srcset=\"https:\/\/blogs.elpunt.cat\/joaniglesis\/files\/2026\/04\/DElne-3.jpg 480w, https:\/\/blogs.elpunt.cat\/joaniglesis\/files\/2026\/04\/DElne-3-300x214.jpg 300w, https:\/\/blogs.elpunt.cat\/joaniglesis\/files\/2026\/04\/DElne-3-421x300.jpg 421w\" sizes=\"auto, (max-width: 480px) 100vw, 480px\" \/><\/a><br \/>\n<\/b><\/span><\/span><\/p>\n<p align=\"LEFT\"><span style=\"font-family: Times New Roman, serif\">Sota la llum serena,<\/span><\/p>\n<p align=\"LEFT\"><span style=\"font-family: Times New Roman, serif\">De cara a la carena, <\/span><\/p>\n<p align=\"LEFT\"><span style=\"font-family: Times New Roman, serif\">La catedral eterna<\/span><\/p>\n<p align=\"LEFT\"><span style=\"font-family: Times New Roman, serif\">Refrena joia i pena.<\/span><\/p>\n<p align=\"LEFT\"><span style=\"font-family: Times New Roman, serif\">Elna riu i destrena<\/span><\/p>\n<p align=\"LEFT\"><span style=\"font-family: Times New Roman, serif\">Records de vida plena.<\/span><\/p>\n<p align=\"LEFT\"><span style=\"font-family: Times New Roman, serif\">Nena de pell morena,<\/span><\/p>\n<p align=\"LEFT\"><span style=\"font-family: Times New Roman, serif\">Canta una cantilena,<\/span><\/p>\n<p align=\"LEFT\"><span style=\"font-family: Times New Roman, serif\">Elna.<\/span><\/p>\n<p align=\"LEFT\"><span style=\"font-family: Times New Roman, serif\">Quan la pluja esmargena<\/span><\/p>\n<p align=\"LEFT\"><span style=\"font-family: Times New Roman, serif\">Els camps de terra siena,<\/span><\/p>\n<p align=\"LEFT\"><span style=\"font-family: Times New Roman, serif\">Quan el Tec es desfrena,<\/span><\/p>\n<p align=\"LEFT\"><span style=\"font-family: Times New Roman, serif\">Carregant fang, arena,<\/span><\/p>\n<p align=\"LEFT\"><span style=\"font-family: Times New Roman, serif\">Elna plora i estrena<\/span><\/p>\n<p align=\"LEFT\"><span style=\"font-family: Times New Roman, serif\">El dol que l\u2019enllumena.<\/span><\/p>\n<p align=\"LEFT\"><span style=\"font-family: Times New Roman, serif\">Nena de pell morena,<\/span><\/p>\n<p align=\"LEFT\"><span style=\"font-family: Times New Roman, serif\">Canta una cantilena,<\/span><\/p>\n<p align=\"LEFT\"><span style=\"font-family: Times New Roman, serif\">Elna.<\/span><\/p>\n<p align=\"LEFT\"><span style=\"font-family: Times New Roman, serif\">Mentre la guerra crema<\/span><\/p>\n<p align=\"LEFT\"><span style=\"font-family: Times New Roman, serif\">La vida com la llenya,<\/span><\/p>\n<p align=\"LEFT\"><span style=\"font-family: Times New Roman, serif\">Sola, una dona ensenya<\/span><\/p>\n<p align=\"LEFT\"><span style=\"font-family: Times New Roman, serif\">L\u2019esperan\u00e7a suprema.<\/span><\/p>\n<p align=\"LEFT\"><span style=\"font-family: Times New Roman, serif\">Elna lluita, materna,<\/span><\/p>\n<p align=\"LEFT\"><span style=\"font-family: Times New Roman, serif\">Per nois de tota mena.<\/span><\/p>\n<p align=\"LEFT\"><span style=\"font-family: Times New Roman, serif\">Nena de pell morena,<\/span><\/p>\n<p align=\"LEFT\"><span style=\"font-family: Times New Roman, serif\">Canta una cantilena,<\/span><\/p>\n<p align=\"LEFT\"><span style=\"font-family: Times New Roman, serif\">Elna.<\/span><\/p>\n<p align=\"LEFT\"><span style=\"font-family: Times New Roman, serif\">La nit desencadena<\/span><\/p>\n<p align=\"LEFT\"><span style=\"font-family: Times New Roman, serif\">Els secrets de la penya.<\/span><\/p>\n<p align=\"LEFT\"><span style=\"font-family: Times New Roman, serif\">La lluna caraplena <\/span><\/p>\n<p align=\"LEFT\"><span style=\"font-family: Times New Roman, serif\">Fascina la falena.<\/span><\/p>\n<p align=\"LEFT\"><span style=\"font-family: Times New Roman, serif\">Elna dorm, esgramena<\/span><\/p>\n<p align=\"LEFT\"><span style=\"font-family: Times New Roman, serif\">El somni que l\u2019embena.<\/span><\/p>\n<p align=\"LEFT\"><span style=\"font-family: Times New Roman, serif\">Nena de pell morena,<\/span><\/p>\n<p align=\"LEFT\"><span style=\"font-family: Times New Roman, serif\">Canta una cantilena,<\/span><\/p>\n<p align=\"LEFT\"><span style=\"font-family: Times New Roman, serif\">Elna.<\/span><\/p>\n<p align=\"LEFT\">Joan Iglesis<\/p>\n<p align=\"LEFT\">Musicat i interpretat per Joan Lloren\u00e7 Sol\u00e9, cantautor catal\u00e0<\/p>\n","protected":false},"excerpt":{"rendered":"<p>Sota la llum serena, De cara a la carena, La catedral eterna Refrena joia i pena. Elna riu i destrena Records de vida plena. Nena de pell morena, Canta una cantilena, Elna. Quan la pluja esmargena Els camps de terra &hellip; <a href=\"https:\/\/blogs.elpunt.cat\/joaniglesis\/2026\/04\/29\/per-a-elna\/\">Continua llegint <span class=\"meta-nav\">&rarr;<\/span><\/a><\/p>\n","protected":false},"author":106,"featured_media":0,"comment_status":"closed","ping_status":"closed","sticky":false,"template":"","format":"standard","meta":{"footnotes":""},"categories":[34],"tags":[],"class_list":["post-317","post","type-post","status-publish","format-standard","hentry","category-general"],"jetpack_featured_media_url":"","_links":{"self":[{"href":"https:\/\/blogs.elpunt.cat\/joaniglesis\/wp-json\/wp\/v2\/posts\/317","targetHints":{"allow":["GET"]}}],"collection":[{"href":"https:\/\/blogs.elpunt.cat\/joaniglesis\/wp-json\/wp\/v2\/posts"}],"about":[{"href":"https:\/\/blogs.elpunt.cat\/joaniglesis\/wp-json\/wp\/v2\/types\/post"}],"author":[{"embeddable":true,"href":"https:\/\/blogs.elpunt.cat\/joaniglesis\/wp-json\/wp\/v2\/users\/106"}],"replies":[{"embeddable":true,"href":"https:\/\/blogs.elpunt.cat\/joaniglesis\/wp-json\/wp\/v2\/comments?post=317"}],"version-history":[{"count":4,"href":"https:\/\/blogs.elpunt.cat\/joaniglesis\/wp-json\/wp\/v2\/posts\/317\/revisions"}],"predecessor-version":[{"id":327,"href":"https:\/\/blogs.elpunt.cat\/joaniglesis\/wp-json\/wp\/v2\/posts\/317\/revisions\/327"}],"wp:attachment":[{"href":"https:\/\/blogs.elpunt.cat\/joaniglesis\/wp-json\/wp\/v2\/media?parent=317"}],"wp:term":[{"taxonomy":"category","embeddable":true,"href":"https:\/\/blogs.elpunt.cat\/joaniglesis\/wp-json\/wp\/v2\/categories?post=317"},{"taxonomy":"post_tag","embeddable":true,"href":"https:\/\/blogs.elpunt.cat\/joaniglesis\/wp-json\/wp\/v2\/tags?post=317"}],"curies":[{"name":"wp","href":"https:\/\/api.w.org\/{rel}","templated":true}]}}