{"id":45,"date":"2013-06-08T09:15:39","date_gmt":"2013-06-08T09:15:39","guid":{"rendered":"http:\/\/blogs.elpunt.cat\/joaniglesis\/?p=45"},"modified":"2013-06-14T05:20:53","modified_gmt":"2013-06-14T05:20:53","slug":"cant-per-al-merla-rialler-homenatge-a-joan-pau-gine-2","status":"publish","type":"post","link":"https:\/\/blogs.elpunt.cat\/joaniglesis\/2013\/06\/08\/cant-per-al-merla-rialler-homenatge-a-joan-pau-gine-2\/","title":{"rendered":"Cant per al merla rialler (Homenatge a Joan Pau Gin\u00e9)"},"content":{"rendered":"<p><a href=\"http:\/\/blogs.elpunt.cat\/joaniglesis\/files\/2013\/06\/Joan-Pau-Gin\u00e9.jpg\"><img loading=\"lazy\" decoding=\"async\" class=\"aligncenter size-full wp-image-56\" alt=\"Joan Pau Gin\u00e9\" src=\"http:\/\/blogs.elpunt.cat\/joaniglesis\/files\/2013\/06\/Joan-Pau-Gin\u00e9.jpg\" width=\"346\" height=\"485\" srcset=\"https:\/\/blogs.elpunt.cat\/joaniglesis\/files\/2013\/06\/Joan-Pau-Gin\u00e9.jpg 346w, https:\/\/blogs.elpunt.cat\/joaniglesis\/files\/2013\/06\/Joan-Pau-Gin\u00e9-214x300.jpg 214w\" sizes=\"auto, (max-width: 346px) 100vw, 346px\" \/><\/a>D&#8217;en\u00e7\u00e0 que ens ha deixat<br \/>\nD&#8217;en\u00e7\u00e0 que s&#8217;\u00e9s anat<br \/>\nAqu\u00ed a Rossell\u00f3<br \/>\nCosta de fer can\u00e7\u00f3s.<br \/>\nDe quant en quant el dia<br \/>\nPorta una melangia<br \/>\nLa del merla rialler<br \/>\nLa d&#8217;en Joan Pau Gin\u00e9.<\/p>\n<p>Vespres de broma roja<br \/>\nSul cam\u00ed de Costoja<br \/>\nOn padrines i llops<br \/>\nS&#8217;estimen a l&#8217;encop.<br \/>\nQuan la mar embrutida<br \/>\nPlora sense mentides<br \/>\nLluny del merla rialler<br \/>\nLluny d&#8217;en Joan Pau Gin\u00e9.<\/p>\n<p>El m\u00f3n se&#8217;l veu pitjor<br \/>\nA la televisi\u00f3<br \/>\nOn els morts i les penes<br \/>\nCorren per les cadenes.<br \/>\nParet i la Fran\u00e7oise<br \/>\nEls hi han venut la casa<br \/>\nNiu del merla rialler<br \/>\nNiu d&#8217;en Joan Pau Gin\u00e9.<\/p>\n<p>L&#8217;allioli munta massa<br \/>\nAmb l&#8217;all de Montparnasse.<br \/>\nA l&#8217;estiu quin past\u00eds<br \/>\nFan els pallagost\u00eds\u00a0!<br \/>\nEl cuc se gira enrere,<br \/>\nVol engolir la terra,<br \/>\nLa del merla rialler<br \/>\nLa d&#8217;en Joan Pau Gin\u00e9.<\/p>\n<p>El xirment l&#8217;han cremat<br \/>\nEls mestres educats.<br \/>\nSota la marinada<br \/>\nEl grec al\u00e7a tirades,<br \/>\nVersos d&#8217;ahir, d&#8217;all\u00e0<br \/>\nCridant \u00ab\u00a0Adiu \u00e7a va&#8230;\u00a0\u00bb<br \/>\nCap al merla rialler<br \/>\nCap en Joan Pau Gin\u00e9.<\/p>\n<p>La Mercedes, pobreta,<br \/>\nHa agafat la maleta,<br \/>\nHa passat la frontera.<br \/>\nSe ven a la Jonquera&#8230;<br \/>\nSota la nit que ve<br \/>\nBages s&#8217;endorm solter<br \/>\nSense el merla rialler<br \/>\n$ense en Joan Pau Gin\u00e9.<\/p>\n<p>Elna els 6 i 8 de juny del 2013<br \/>\nJoan Iglesis<a href=\"http:\/\/blogs.elpunt.cat\/joaniglesis\/files\/2012\/03\/Joan-Pau-Gin\u00e9.jpg\"><br \/>\n<\/a><\/p>\n","protected":false},"excerpt":{"rendered":"<p>D&#8217;en\u00e7\u00e0 que ens ha deixat D&#8217;en\u00e7\u00e0 que s&#8217;\u00e9s anat Aqu\u00ed a Rossell\u00f3 Costa de fer can\u00e7\u00f3s. De quant en quant el dia Porta una melangia La del merla rialler La d&#8217;en Joan Pau Gin\u00e9. Vespres de broma roja Sul cam\u00ed &hellip; <a href=\"https:\/\/blogs.elpunt.cat\/joaniglesis\/2013\/06\/08\/cant-per-al-merla-rialler-homenatge-a-joan-pau-gine-2\/\">Continua llegint <span class=\"meta-nav\">&rarr;<\/span><\/a><\/p>\n","protected":false},"author":106,"featured_media":0,"comment_status":"open","ping_status":"closed","sticky":false,"template":"","format":"standard","meta":{"footnotes":""},"categories":[10010],"tags":[],"class_list":["post-45","post","type-post","status-publish","format-standard","hentry","category-personal"],"jetpack_featured_media_url":"","_links":{"self":[{"href":"https:\/\/blogs.elpunt.cat\/joaniglesis\/wp-json\/wp\/v2\/posts\/45","targetHints":{"allow":["GET"]}}],"collection":[{"href":"https:\/\/blogs.elpunt.cat\/joaniglesis\/wp-json\/wp\/v2\/posts"}],"about":[{"href":"https:\/\/blogs.elpunt.cat\/joaniglesis\/wp-json\/wp\/v2\/types\/post"}],"author":[{"embeddable":true,"href":"https:\/\/blogs.elpunt.cat\/joaniglesis\/wp-json\/wp\/v2\/users\/106"}],"replies":[{"embeddable":true,"href":"https:\/\/blogs.elpunt.cat\/joaniglesis\/wp-json\/wp\/v2\/comments?post=45"}],"version-history":[{"count":8,"href":"https:\/\/blogs.elpunt.cat\/joaniglesis\/wp-json\/wp\/v2\/posts\/45\/revisions"}],"predecessor-version":[{"id":57,"href":"https:\/\/blogs.elpunt.cat\/joaniglesis\/wp-json\/wp\/v2\/posts\/45\/revisions\/57"}],"wp:attachment":[{"href":"https:\/\/blogs.elpunt.cat\/joaniglesis\/wp-json\/wp\/v2\/media?parent=45"}],"wp:term":[{"taxonomy":"category","embeddable":true,"href":"https:\/\/blogs.elpunt.cat\/joaniglesis\/wp-json\/wp\/v2\/categories?post=45"},{"taxonomy":"post_tag","embeddable":true,"href":"https:\/\/blogs.elpunt.cat\/joaniglesis\/wp-json\/wp\/v2\/tags?post=45"}],"curies":[{"name":"wp","href":"https:\/\/api.w.org\/{rel}","templated":true}]}}